{"id":308,"date":"2021-08-21T13:35:39","date_gmt":"2021-08-21T13:35:39","guid":{"rendered":"https:\/\/frauenstudienzirkel.net\/?p=308"},"modified":"2022-05-15T13:52:52","modified_gmt":"2022-05-15T13:52:52","slug":"termine-fuer-das-2-halbjahr-2021-frauenstudienzirkel","status":"publish","type":"post","link":"https:\/\/frauenstudienzirkel.net\/?p=308","title":{"rendered":"Termine f\u00fcr das 2. Halbjahr 2021: Frauenstudienzirkel"},"content":{"rendered":"<h2>Ort: ega \u2013 Frauen im Zentrum, Windm\u00fchlgasse 26, 1060 Wien<\/h2>\n<h2>Zeit: jeweils Donnerstag um 18 Uhr<\/h2>\n<p>&nbsp;<\/p>\n<p><span style=\"color: #000000;\"><span style=\"font-family: Times New Roman, serif;\"><span style=\"font-size: medium;\"><span lang=\"de-AT\"><b>23. 9. 2021 Einf\u00fchrung und Begrifflichkeiten: <\/b><\/span><\/span><\/span><\/span><span style=\"color: #000000;\"><span style=\"font-family: Times New Roman, serif;\"><span style=\"font-size: medium;\"><span lang=\"de-AT\"><b>Gedanken zum Altern: MMag.a Brigitte Maria Vavken und Mag.a Dr.in <\/b><\/span><\/span><\/span><\/span><span style=\"color: #000000;\"><span style=\"font-family: Times New Roman, serif;\"><span style=\"font-size: medium;\"><span lang=\"de-AT\"><b>Evelyn D\u00fcrmayer im Gespr\u00e4ch \u00fcber<\/b><\/span><\/span><\/span><\/span><span style=\"color: #000000;\"><span style=\"font-family: Times New Roman, serif;\"><span style=\"font-size: medium;\"><span lang=\"de-AT\"><b> das Interview mit Gerda Lerner \u201eDas Altern ist ein Tanz auf unebener Erde \u2026\u201d 2006<\/b><\/span><\/span><\/span><\/span><span style=\"color: #000000;\"><span style=\"font-family: Times New Roman, serif;\"><span style=\"font-size: medium;\"><span lang=\"de-AT\"> (<\/span><\/span><\/span><\/span><span style=\"color: #000000;\"><span style=\"font-family: Times New Roman, serif;\"><span style=\"font-size: small;\"><span lang=\"de-AT\">Ingrid Bauer Zeit- und Kulturhistorikerin (bis 2016 ao. Professorin an der Universit\u00e4t Salzburg und Christa H\u00e4mmerle ao. Professorin am Institut f\u00fcr Geschichte der Universit\u00e4t Wien) <\/span><\/span><\/span><\/span><b> <\/b><\/p>\n<p><span style=\"color: #000000;\"><span style=\"font-family: Times New Roman, serif;\"><span style=\"font-size: medium;\"><span lang=\"de-AT\"><b>21.10. 2021 Mag.a Sabine Lichtenberger,<\/b><\/span><\/span><\/span><\/span><strong><span style=\"color: #000000;\"><span style=\"font-family: Times New Roman, serif;\"><span style=\"font-size: medium;\"><span lang=\"de-AT\"><b>\u00a0<\/b><\/span><\/span><\/span><\/span><\/strong><span style=\"color: #000000;\"><span style=\"font-family: Times New Roman, serif;\"><span style=\"font-size: medium;\"><span lang=\"de-AT\">wird der Frage nachgehen, wie sich gewerkschaftliche Bildungsarbeit von und f\u00fcr Frauen in der Ersten Republik gestaltet hat. Welche Kontinuit\u00e4ten es nach 1945 in der Bildungsarbeit gab und wer die Akteurinnen waren. Im Zentrum Ilse Barea-Kulcsar, Schriftstellerin und Sozialdemokratin.<\/span><\/span><\/span><\/span><\/p>\n<p><span style=\"color: #000000;\"><span style=\"font-family: Times New Roman, serif;\"><span style=\"font-size: medium;\"><span lang=\"de-AT\"><b>25.11. 2021 Beate Hausbichler, \u201eDer verkaufte Feminismus\u201c Wie aus einer politischen Bewegung ein profitables Label wurde.<\/b><\/span><\/span><\/span><\/span> <span style=\"color: #000000;\"><span style=\"font-family: Times New Roman, serif;\"><span style=\"font-size: medium;\"><span lang=\"de-AT\">Die Autorin hat Philosophie an der Universit\u00e4t Wien studiert und ist seit 2008 Redakteurin bei der \u00f6sterreichischen Tageszeitung DER STANDARD, seit 2014 leitet sie deren frauenpolitisches Ressort dieStandard.<\/span><\/span><\/span><\/span><b> <\/b><\/p>\n<p lang=\"de-AT\">\n<p lang=\"de-AT\"><span style=\"color: #000000;\"> <span style=\"font-family: Times New Roman, serif;\"><span style=\"font-size: medium;\"><b>16.12. 2021 Abschluss: Erfahrungen mit der Pandemie \u2013 gemeinsames Feiern und Ausblick auf 2022<\/b><\/span><\/span><\/span><\/p>\n","protected":false},"excerpt":{"rendered":"<p>Ort: ega \u2013 Frauen im Zentrum, Windm\u00fchlgasse 26, 1060 Wien Zeit: jeweils Donnerstag um 18 Uhr &nbsp; 23. 9. 2021 Einf\u00fchrung und Begrifflichkeiten: Gedanken zum Altern: MMag.a Brigitte Maria Vavken und Mag.a Dr.in Evelyn D\u00fcrmayer im Gespr\u00e4ch \u00fcber das Interview<\/p>\n","protected":false},"author":3,"featured_media":0,"comment_status":"closed","ping_status":"closed","sticky":false,"template":"","format":"standard","meta":{"_jetpack_memberships_contains_paid_content":false,"footnotes":""},"categories":[4],"tags":[],"class_list":["post-308","post","type-post","status-publish","format-standard","hentry","category-archiv"],"jetpack_sharing_enabled":true,"jetpack_featured_media_url":"","_links":{"self":[{"href":"https:\/\/frauenstudienzirkel.net\/index.php?rest_route=\/wp\/v2\/posts\/308"}],"collection":[{"href":"https:\/\/frauenstudienzirkel.net\/index.php?rest_route=\/wp\/v2\/posts"}],"about":[{"href":"https:\/\/frauenstudienzirkel.net\/index.php?rest_route=\/wp\/v2\/types\/post"}],"author":[{"embeddable":true,"href":"https:\/\/frauenstudienzirkel.net\/index.php?rest_route=\/wp\/v2\/users\/3"}],"replies":[{"embeddable":true,"href":"https:\/\/frauenstudienzirkel.net\/index.php?rest_route=%2Fwp%2Fv2%2Fcomments&post=308"}],"version-history":[{"count":1,"href":"https:\/\/frauenstudienzirkel.net\/index.php?rest_route=\/wp\/v2\/posts\/308\/revisions"}],"predecessor-version":[{"id":309,"href":"https:\/\/frauenstudienzirkel.net\/index.php?rest_route=\/wp\/v2\/posts\/308\/revisions\/309"}],"wp:attachment":[{"href":"https:\/\/frauenstudienzirkel.net\/index.php?rest_route=%2Fwp%2Fv2%2Fmedia&parent=308"}],"wp:term":[{"taxonomy":"category","embeddable":true,"href":"https:\/\/frauenstudienzirkel.net\/index.php?rest_route=%2Fwp%2Fv2%2Fcategories&post=308"},{"taxonomy":"post_tag","embeddable":true,"href":"https:\/\/frauenstudienzirkel.net\/index.php?rest_route=%2Fwp%2Fv2%2Ftags&post=308"}],"curies":[{"name":"wp","href":"https:\/\/api.w.org\/{rel}","templated":true}]}}