{"id":412,"date":"2024-06-30T13:32:56","date_gmt":"2024-06-30T13:32:56","guid":{"rendered":"https:\/\/frauenstudienzirkel.net\/?p=412"},"modified":"2024-11-24T12:56:56","modified_gmt":"2024-11-24T12:56:56","slug":"termine-2-halbjahr-2024","status":"publish","type":"post","link":"https:\/\/frauenstudienzirkel.net\/?p=412","title":{"rendered":"Termine 2. Halbjahr 2024"},"content":{"rendered":"<p><strong>Termine f\u00fcr das 2. Halbjahr 2024<\/strong><\/p>\n<p><strong>Ort: ega \u2013 Frauen im Zentrum, Windm\u00fchlgasse 26, 1060 Wien<\/strong><\/p>\n<p><strong>Wann: jeweils am Donnerstag um 18 Uhr<\/strong><\/p>\n<p>&nbsp;<\/p>\n<p>&nbsp;<\/p>\n<p><strong>26.9. 2024 Mag.a Evelyn Steinthaler, <\/strong><strong>\u201eSchau nicht hin\u201c<\/strong><strong> Kunst als St\u00fctze der Macht \u2013 die Geschichte der Diven des NS-Kinos, <\/strong>Verlag Kremayr &amp; Scheriau<\/p>\n<p>&nbsp;<\/p>\n<p><strong>Gefeiert, gefallen, verehrt.\u00a0<\/strong><br \/>\nWie weit sind K\u00fcnstlerinnen bereit, f\u00fcr ihren Erfolg zu gehen? Vier Film-Diven werden in der fesselnden Analyse Teil der aktuellen Debatte um die Trennung von K\u00fcnstler:in und Kunstwerk.<br \/>\nWas ist eine\u00a0K\u00fcnstlerin\u00a0ohne Aufmerksamkeit? Die renommierte Autorin Evelyn Steinthaler untersucht die Geschichten von vier Diven des NS-Films. L\u00edda Baarov\u00e1, Zarah Leander, Marika R\u00f6kk und Kristina S\u00f6derbaum entschieden sich f\u00fcr Karrieren im Deutschen Reich und erlangten weitreichenden Ruhm. Auch nach Kriegsende wurden sie jahrzehntelang von der immensen Verehrung des deutschen Publikums begleitet.<br \/>\nDiesen und anderen Stars begegnen wir konfrontiert mit der Frage, wie \u00d6ffentlichkeit mit politisch problematischer Kunst umgeht. Inwieweit tragen K\u00fcnstler:innen ein System mit? Wer beginnt, sich zu verantworten?<\/p>\n<p>&nbsp;<\/p>\n<p><em>Die 1971 in Klagenfurt geborene Publizistin und Kommunikationswissenschaftlerin <strong>Evelyn Steinthaler <\/strong>ist als Autorin, Herausgeberin, H\u00f6rbuchproduzentin, \u00dcbersetzerin, Biografin auch in der politischen Bildung t\u00e4tig. F\u00fcr das Buch \u201eFrauen 1938\u201c erhielt sie den Bruno-Kreisky-Anerkennungspreis f\u00fcr das Politische Buch. <\/em><\/p>\n<p><em>\u00a0<\/em><\/p>\n<p>&nbsp;<\/p>\n<p><strong>24.10. 2024<\/strong> <strong>Dr.in Margarete Maurer, Hg.<\/strong> <strong>&#8222;Rosa Luxemburg.<\/strong> <strong>Von der Ikone zur Person&#8220;<\/strong>.\u00a0 Neben Texten von Rosa Luxemburg selbst sind in diesem Band Beitr\u00e4ge von \u00fcber 10 AutorInnen versammelt.<\/p>\n<p>Rosa L. wurde zur Ikone der internationalen ArbeiterInnenbewegung. Welche Bedeutung hat dabei ihre j\u00fcdische Herkunft aus Polen? Und welcher <strong>Mensch <\/strong>steckt hinter der Ikone? Von unterschiedlichen fachlichen Hintergr\u00fcnden her n\u00e4hern sich die AutorInnen in diesem Band <strong>der Person <\/strong>Rosa Luxemburg an.<\/p>\n<p>&nbsp;<\/p>\n<p><strong><em>Margarete Maurer<\/em><\/strong><em>, geboren in Linz\/Donau, Doppelstudium der Philosophie (bei Ernst Bloch und Helmut Fahrenbach) und Biochemie\/Mikrobiologie (bei Hans Z\u00e4hner). Mehr als 40j\u00e4hrige Lehrt\u00e4tigkeit inklusive Gastprofessuren an zahlreichen Universit\u00e4ten des In- und Auslandes.<\/em><\/p>\n<p><em>1990 Gr\u00fcndung und seither Leitung des au\u00dferuniversit\u00e4ren interdisziplin\u00e4ren Forschungsinstituts Rosa Luxemburg-Institut (RLI), siehe http:\/\/frauen.at. Im zugeh\u00f6rigen RLI-Verlag u. a. erschienen: Rosa Luxemburg: \u201eIch bin ein Land der unbeschr\u00e4nkten M\u00f6glichkeiten\u201c 1999; Natur als Politikum (zus. mit O. H\u00f6ll) 2003<\/em><\/p>\n<p><em>\u00a0<\/em><\/p>\n<p><strong>\u00a0<\/strong><\/p>\n<p><strong>\u00a0<\/strong><\/p>\n<p><strong>\u00a0<\/strong><\/p>\n<p><strong>21.11.2024 Dr.in Elisabeth Dearing, <\/strong><strong>\u201eInitiative bessere Verwaltung &#8211; Steuerungsdefizite gef\u00e4hrden die Qualit\u00e4t der \u00f6ffentlichen Verwaltung\u201c<\/strong><\/p>\n<p>&nbsp;<\/p>\n<p>Seit l\u00e4ngerer Zeit verst\u00e4rken sich die Missst\u00e4nde in der Arbeitsweise der \u00f6sterreichischen Regierungen. Einige zentrale Probleme sind:\u00a0strategische Untersteuerung und operative \u00dcbersteuerung der Verwaltung, Besetzung von Leitungsfunktionen nach parteipolitischem Kalk\u00fcl, \u00fcbergro\u00dfe Ministerkabinette und ihre Arbeitsweise, Qualit\u00e4tsverlust im Service, Demotivation beim Personal. Eine Expert:innengruppe hat im Rahmen der Initiative Bessere Verwaltung Ma\u00dfnahmenvorschl\u00e4ge zur Beseitigung dieser Missst\u00e4nde erarbeitet.<\/p>\n<p><strong>\u00a0<\/strong><\/p>\n<p><strong><em>Elisabeth Dearing,<\/em><\/strong><em> <strong>Juristin, <\/strong>langj\u00e4hrige Leiterin der Abteilung Verwaltungsreform im Bundeskanzleramt, zuletzt im Rechnungshof Pr\u00fcferin und Fachexpertin f\u00fcr Public Governance;\u00a0 Proponentin der Initiative Bessere Verwaltung.<\/em><\/p>\n<p>&nbsp;<\/p>\n<p>&nbsp;<\/p>\n<p><strong>19.12.2024 Dr.in Elfriede Fritz<\/strong>, \u00a0\u201e<strong>Frauen im \u00d6ffentlichen Dienst &#8211; eine Erfolgsgeschichte\u201c<\/strong><\/p>\n<p><strong>\u00a0<\/strong><\/p>\n<p>Bis in die 70-iger Jahre des vorigen Jahrhunderts waren Frauen vorwiegend in niedrigen Verwendungen im \u00d6D t\u00e4tig. Auch Akademikerinnen wurden nicht als solche aufgenommen, sondern mussten sich mit B- und C-Posten begn\u00fcgen. Johanna Dohnal hat in den 80-igern in allen Ressorts Ministerielle Arbeitsgruppen zur F\u00f6rderung der Chancengleichheit und Gleichbehandlung der Frau im \u00d6D einrichten und Daten \u00fcber den M\u00e4nner- und Frauenanteil erheben lassen.\u00a0 In Vorbereitung auf den EU-Beitritt ist 1993 das Bundes-Gleichbehandlungsgesetz in Kraft getreten mit einer Frauenquote von 30%, sp\u00e4ter angehoben auf 40% bis endlich 50% vorgeschrieben wurden.<\/p>\n<p><strong>\u00a0<\/strong><\/p>\n<p><strong><em>Elfriede Fritz, Juristin<\/em><\/strong><em>, war im Bundesministerium f\u00fcr Finanzen langj\u00e4hrige Vorsitzende der Arbeitsgruppe f\u00fcr Gleichbehandlungsfragen, Gender Mainstreaming, Beauftragte und Abteilungsleiterin im Zollbereich. Sie war Mitglied der Bundes-Gleichbehandlungskommission und der &#8211; bei der Frauenministerin eingerichteten &#8211; Interministeriellen Arbeitsgruppen f\u00fcr Gleichbehandlungsfragen und f\u00fcr Gender Mainstreaming\/ Budgeting. 1995 war sie Delegierte bei der UN-Weltfrauenkonferenz in Peking. An der Johannes\u00a0Kepler Universit\u00e4t Linz war sie Lehrbeauftragte zu \u201eLegal Gender im Steuerrecht\u201c. <\/em><\/p>\n","protected":false},"excerpt":{"rendered":"<p>Termine f\u00fcr das 2. Halbjahr 2024 Ort: ega \u2013 Frauen im Zentrum, Windm\u00fchlgasse 26, 1060 Wien Wann: jeweils am Donnerstag um 18 Uhr &nbsp; &nbsp; 26.9. 2024 Mag.a Evelyn Steinthaler, \u201eSchau nicht hin\u201c Kunst als St\u00fctze der Macht \u2013 die<\/p>\n","protected":false},"author":3,"featured_media":0,"comment_status":"closed","ping_status":"closed","sticky":false,"template":"","format":"standard","meta":{"_jetpack_memberships_contains_paid_content":false,"footnotes":""},"categories":[1],"tags":[],"class_list":["post-412","post","type-post","status-publish","format-standard","hentry","category-uncategorized"],"jetpack_sharing_enabled":true,"jetpack_featured_media_url":"","_links":{"self":[{"href":"https:\/\/frauenstudienzirkel.net\/index.php?rest_route=\/wp\/v2\/posts\/412"}],"collection":[{"href":"https:\/\/frauenstudienzirkel.net\/index.php?rest_route=\/wp\/v2\/posts"}],"about":[{"href":"https:\/\/frauenstudienzirkel.net\/index.php?rest_route=\/wp\/v2\/types\/post"}],"author":[{"embeddable":true,"href":"https:\/\/frauenstudienzirkel.net\/index.php?rest_route=\/wp\/v2\/users\/3"}],"replies":[{"embeddable":true,"href":"https:\/\/frauenstudienzirkel.net\/index.php?rest_route=%2Fwp%2Fv2%2Fcomments&post=412"}],"version-history":[{"count":2,"href":"https:\/\/frauenstudienzirkel.net\/index.php?rest_route=\/wp\/v2\/posts\/412\/revisions"}],"predecessor-version":[{"id":416,"href":"https:\/\/frauenstudienzirkel.net\/index.php?rest_route=\/wp\/v2\/posts\/412\/revisions\/416"}],"wp:attachment":[{"href":"https:\/\/frauenstudienzirkel.net\/index.php?rest_route=%2Fwp%2Fv2%2Fmedia&parent=412"}],"wp:term":[{"taxonomy":"category","embeddable":true,"href":"https:\/\/frauenstudienzirkel.net\/index.php?rest_route=%2Fwp%2Fv2%2Fcategories&post=412"},{"taxonomy":"post_tag","embeddable":true,"href":"https:\/\/frauenstudienzirkel.net\/index.php?rest_route=%2Fwp%2Fv2%2Ftags&post=412"}],"curies":[{"name":"wp","href":"https:\/\/api.w.org\/{rel}","templated":true}]}}